{"id":3691,"date":"2015-03-01T09:16:53","date_gmt":"2015-03-01T08:16:53","guid":{"rendered":"http:\/\/www.gerhard-mangott.at\/?p=3691"},"modified":"2016-01-03T18:58:31","modified_gmt":"2016-01-03T17:58:31","slug":"nemcovs-tod-eine-tragodie","status":"publish","type":"post","link":"https:\/\/www.gerhard-mangott.at\/?p=3691","title":{"rendered":"Nemcovs Tod."},"content":{"rendered":"<p style=\"text-align: justify;\">\nIm Gegensatz zu vielen Kollegen, weiss ich nicht, wer Boris Nemcov ermordet hat. M\u00f6glich sind nur Spekulationen und dass es eben nur solche sind, sollte betont werden.<\/p>\n<p style=\"text-align: justify;\">Ich glaube eher nicht an einen Auftragsmord von Vladimir Putin. Putin scheute sich davor, &#8211; den mehrfach verurteilten, aber immer wieder zur Bew\u00e4hrung freigelassenen &#8211; Navalnyj zu inhaftieren, um ihm keinen M\u00e4rtyrerstatus zu geben und damit der Opposition einen Mobilisierungsschub zu verleihen. Es w\u00fcrde mich sehr \u00fcberraschen, wenn er genau das bei Nemcov getan h\u00e4tte. Die oppositionellen Kr\u00e4fte sind schwach &#8211; warum sie durch einen Mord, der eine M\u00e4rtyrerfigur schafft, kurzfristig st\u00e4rken?<\/p>\n<p style=\"text-align: justify;\">Die Andeutungen russ<span class=\"text_exposed_show\">ischer Medien, die Oppositionellen selbst h\u00e4tten Nemcov als &#8220;Opferlamm&#8221; get\u00f6tet, sind absurd. Es\u00a0erschliesst sich mir nicht, wer von der Opposition dazu f\u00e4hig w\u00e4re. Zwar k\u00f6nnte die ohnehin schwache Opposition durch den brutalen Mord einen kurzfristigen Mobilisierungsschub erfahren, der Verlust eines weiteren prominenten Gesichtes des Protestes wird der Opposition aber erheblich schaden und sie noch mehr schw\u00e4chen. Das Fehlen von F\u00fchrungsfiguren (Nemcov war es allerdings nur sehr bedingt) ist eine der strukturellen Schw\u00e4chen der Opposition. Nun k\u00f6nnte man argumentieren, wenn es die Opposition strukturell schw\u00e4cht, dann w\u00e4re das doch im Interesse Putins. Mein Gegenargument: Die Opposition ist f\u00fcr Putin bereits schwach genug. Der Reputationsschaden f\u00fcr Putin ist ungleich gr\u00f6\u00dfer, als der Nutzen daraus, die Opposition\u00a0noch weiter zu schw\u00e4chen<\/span>.<\/p>\n<p style=\"text-align: justify;\">M\u00f6glich w\u00e4re ein Mord durch radikale siloviki, die Putin zu einer noch autorit\u00e4reren und repressiveren F\u00fchrung dr\u00e4ngen wollen. Durch eine Destabilisierung der inneren Lage &#8211; es k\u00f6nnten weitere Taten folgen-, k\u00f6nnte sich Putin zu einer scharfen repressiven Gegenreaktion gedr\u00e4ngt sehen. Wir sahen\u00a02006\/07 \u00e4hnliche Destabilisierungsversuche &#8211; damals, um Putin zu einer dritten Amtszeit zu zwingen\/dr\u00e4ngen. Denken Sie an die Ermordung von Anna Politkovskaja und Aleksandr Litvinenko.<\/p>\n<p style=\"text-align: justify;\">M\u00f6glich ist auch ein Mord durch rechtsnationalistische Kreise, die Nemcov wegen seiner Haltung in der Ukrainekrise ermordet haben k\u00f6nnten. Nemcov soll einen Bericht \u00fcber die Verstrickung Russlands in den Ukrainekonflikt vorbereitet haben; zudem hat er sich seit Beginn der Einmischung Russlands in der Ukraine gegen das Vorgehen der russischen F\u00fchrung ausgesprochen. Nemcov k\u00f6nnte radikalen Kr\u00e4ften, die selbst Putin einer zu weichen Linie im Ukrainekonflikt beschuldigen, im Weg gestanden haben. Hier ist die F\u00fchrung indirekt mitverantwortlich zu machen, haben doch die staatlichen Medien und die F\u00fchrung selbst, in diesem Zusammenhang immer wieder von &#8220;nationalen Verr\u00e4tern&#8221; und einer &#8220;f\u00fcnften Kolonne&#8221; gesprochen. Gerade deshalb wird die russl\u00e4ndische F\u00fchrung daran gemessen werden m\u00fcssen, ob sie dieses Verbrechen aufkl\u00e4ren kann und will.<\/p>\n<p style=\"text-align: justify;\"><span style=\"font-size: 8pt;\">Foto: svaboda.org<\/span><\/p>\n","protected":false},"excerpt":{"rendered":"<p>Im Gegensatz zu vielen Kollegen, weiss ich nicht, wer Boris Nemcov ermordet hat. M\u00f6glich sind nur Spekulationen und dass es eben nur solche sind, sollte betont werden. Ich glaube eher nicht an einen Auftragsmord von Vladimir Putin. Putin scheute sich davor, &#8211; den mehrfach verurteilten, aber immer wieder zur Bew\u00e4hrung freigelassenen &#8211; Navalnyj zu inhaftieren, &hellip; <a href=\"https:\/\/www.gerhard-mangott.at\/?p=3691\" class=\"more-link\">Continue reading <span class=\"screen-reader-text\">Nemcovs Tod.<\/span> <span class=\"meta-nav\">&rarr;<\/span><\/a><\/p>\n","protected":false},"author":2,"featured_media":3694,"comment_status":"open","ping_status":"open","sticky":false,"template":"","format":"standard","meta":{"_monsterinsights_skip_tracking":false,"_monsterinsights_sitenote_active":false,"_monsterinsights_sitenote_note":"","_monsterinsights_sitenote_category":0,"footnotes":""},"categories":[9],"tags":[],"class_list":["post-3691","post","type-post","status-publish","format-standard","has-post-thumbnail","hentry","category-russia"],"_links":{"self":[{"href":"https:\/\/www.gerhard-mangott.at\/index.php?rest_route=\/wp\/v2\/posts\/3691","targetHints":{"allow":["GET"]}}],"collection":[{"href":"https:\/\/www.gerhard-mangott.at\/index.php?rest_route=\/wp\/v2\/posts"}],"about":[{"href":"https:\/\/www.gerhard-mangott.at\/index.php?rest_route=\/wp\/v2\/types\/post"}],"author":[{"embeddable":true,"href":"https:\/\/www.gerhard-mangott.at\/index.php?rest_route=\/wp\/v2\/users\/2"}],"replies":[{"embeddable":true,"href":"https:\/\/www.gerhard-mangott.at\/index.php?rest_route=%2Fwp%2Fv2%2Fcomments&post=3691"}],"version-history":[{"count":22,"href":"https:\/\/www.gerhard-mangott.at\/index.php?rest_route=\/wp\/v2\/posts\/3691\/revisions"}],"predecessor-version":[{"id":3836,"href":"https:\/\/www.gerhard-mangott.at\/index.php?rest_route=\/wp\/v2\/posts\/3691\/revisions\/3836"}],"wp:featuredmedia":[{"embeddable":true,"href":"https:\/\/www.gerhard-mangott.at\/index.php?rest_route=\/wp\/v2\/media\/3694"}],"wp:attachment":[{"href":"https:\/\/www.gerhard-mangott.at\/index.php?rest_route=%2Fwp%2Fv2%2Fmedia&parent=3691"}],"wp:term":[{"taxonomy":"category","embeddable":true,"href":"https:\/\/www.gerhard-mangott.at\/index.php?rest_route=%2Fwp%2Fv2%2Fcategories&post=3691"},{"taxonomy":"post_tag","embeddable":true,"href":"https:\/\/www.gerhard-mangott.at\/index.php?rest_route=%2Fwp%2Fv2%2Ftags&post=3691"}],"curies":[{"name":"wp","href":"https:\/\/api.w.org\/{rel}","templated":true}]}}